{"id":719,"date":"2026-09-02T10:54:44","date_gmt":"2026-09-02T08:54:44","guid":{"rendered":"https:\/\/fahrschule-gr\u00fcnwald.de\/index.php\/?p=719"},"modified":"2026-09-02T10:57:09","modified_gmt":"2026-09-02T08:57:09","slug":"ferienkurse-in-den-herbstferien-neuwied","status":"publish","type":"post","link":"https:\/\/fahrschule-gr\u00fcnwald.de\/index.php\/ferienkurse-in-den-herbstferien-neuwied\/","title":{"rendered":"Ferienkurse in den Herbstferien | Neuwied"},"content":{"rendered":"<p>[et_pb_section fb_built=&#8220;1&#8243; _builder_version=&#8220;4.27.6&#8243; _module_preset=&#8220;default&#8220; global_colors_info=&#8220;{}&#8220;][et_pb_row _builder_version=&#8220;4.27.6&#8243; _module_preset=&#8220;default&#8220; global_colors_info=&#8220;{}&#8220;][et_pb_column type=&#8220;4_4&#8243; _builder_version=&#8220;4.27.6&#8243; _module_preset=&#8220;default&#8220; global_colors_info=&#8220;{}&#8220;][et_pb_text _builder_version=&#8220;4.27.6&#8243; _module_preset=&#8220;default&#8220; global_colors_info=&#8220;{}&#8220;]<\/p>\n<h3 dir=\"ltr\">Herbstferien in Neuwied: Vormittags Theorie, nachmittags Drachen steigen lassen<\/h3>\n<p dir=\"ltr\">Die Bl\u00e4tter f\u00e4rben sich, die Luft wird klarer, und irgendwo zwischen Kastaniensammeln und der letzten Runde Freibad \u00fcberlegst du dir gerade, was du mit deinen Herbstferien anfangen sollst. Wie w\u00e4re es mit einer Antwort, die dich richtig weiterbringt: dem F\u00fchrerschein ein gro\u00dfes St\u00fcck n\u00e4her kommen \u2013 und trotzdem noch jede Menge Zeit f\u00fcr dich haben.<\/p>\n<h3 dir=\"ltr\">Der Theoriekurs, der sich in deine Ferien einf\u00fcgt statt sie zu fressen<\/h3>\n<p dir=\"ltr\">Bei der Fahrschule Gr\u00fcnwald in der Bahnhofstra\u00dfe in Neuwied startet im Oktober 2026 unser Ferienkurs \u2013 konzipiert f\u00fcr alle, die die freie Zeit sinnvoll nutzen wollen, ohne dabei auf Ferien zu verzichten.<\/p>\n<p dir=\"ltr\">Das Prinzip ist simpel:<\/p>\n<p dir=\"ltr\"><strong>Jeden Vormittag zwei Doppelstunden Theorie, von 9.00 bis 12.00 Uhr.<\/strong><\/p>\n<p dir=\"ltr\">Kein Nachmittagsunterricht, kein Loch im Ferienplan \u2013 der Nachmittag geh\u00f6rt ganz dir. Ob Drachen steigen lassen, mit Freunden abh\u00e4ngen oder einfach mal ausschlafen wollen f\u00fcr den n\u00e4chsten Tag: Du hast den Kopf frei, weil du am Vormittag schon etwas geschafft hast.<\/p>\n<h3 dir=\"ltr\">Die Termine im \u00dcberblick<\/h3>\n<p dir=\"ltr\">Insgesamt sieben Vormittage, verteilt auf zwei Ferienwochen \u2013 so kommst du komplett durch den Theoriestoff:<\/p>\n<div dir=\"ltr\">\n<table>\n<thead>\n<tr>\n<th scope=\"col\">Tag<\/th>\n<th scope=\"col\">Datum<\/th>\n<th scope=\"col\">Uhrzeit<\/th>\n<th scope=\"col\">Lektion<\/th>\n<\/tr>\n<\/thead>\n<tbody>\n<tr>\n<td>Montag<\/td>\n<td>05.10.2026<\/td>\n<td>09.00 \u2013 12.00 Uhr<\/td>\n<td>1 + 2<\/td>\n<\/tr>\n<tr>\n<td>Dienstag<\/td>\n<td>06.10.2026<\/td>\n<td>09.00 \u2013 12.00 Uhr<\/td>\n<td>3 + 4<\/td>\n<\/tr>\n<tr>\n<td>Mittwoch<\/td>\n<td>07.10.2026<\/td>\n<td>09.00 \u2013 12.00 Uhr<\/td>\n<td>5 + 6<\/td>\n<\/tr>\n<tr>\n<td>Donnerstag<\/td>\n<td>08.10.2026<\/td>\n<td>09.00 \u2013 12.00 Uhr<\/td>\n<td>7 + 8<\/td>\n<\/tr>\n<tr>\n<td>Montag<\/td>\n<td>12.10.2026<\/td>\n<td>09.00 \u2013 12.00 Uhr<\/td>\n<td>9 + 10<\/td>\n<\/tr>\n<tr>\n<td>Dienstag<\/td>\n<td>13.10.2026<\/td>\n<td>09.00 \u2013 12.00 Uhr<\/td>\n<td>11 + 12<\/td>\n<\/tr>\n<tr>\n<td>Mittwoch<\/td>\n<td>14.10.2026<\/td>\n<td>09.00 \u2013 12.00 Uhr<\/td>\n<td>13 + 14<\/td>\n<\/tr>\n<\/tbody>\n<\/table>\n<\/div>\n<p dir=\"ltr\">Alle 14 Pflichtlektionen an sieben Vormittagen \u2013 kompakt, planbar, und noch vor dem n\u00e4chsten Schulhalbjahr erledigt.<\/p>\n<h3 dir=\"ltr\">Warum sich das lohnt<\/h3>\n<p dir=\"ltr\"><strong>Du nutzt die Zeit, die du sowieso hast.<\/strong> Kein Stress zwischen Schule, Hausaufgaben und Nachmittagsunterricht mitten in der Woche \u2013 der Kurs findet genau dann statt, wenn du ohnehin frei hast.<\/p>\n<p dir=\"ltr\"><strong>Du bist dem F\u00fchrerschein sp\u00fcrbar n\u00e4her.<\/strong> Wer die Theorie in den Herbstferien abschlie\u00dft, kann direkt im Anschluss an die Praxis denken \u2013 und im n\u00e4chsten Fr\u00fchjahr vielleicht schon selbst hinter dem Steuer sitzen, wenn die Sonne wieder l\u00e4nger scheint.<\/p>\n<p dir=\"ltr\"><strong>Du hast trotzdem Ferien.<\/strong> Nachmittags ist Schluss mit Lernen. Genug Zeit f\u00fcr alles, was Herbstferien eben ausmachen.<\/p>\n<h3 dir=\"ltr\">Jetzt anmelden \u2013 und Gas geben<\/h3>\n<p dir=\"ltr\">Die Pl\u00e4tze f\u00fcr den Ferienkurs sind begrenzt, also warte nicht bis zur letzten Ferienwoche. Meld dich jetzt an:<\/p>\n<ul dir=\"ltr\">\n<li><strong>WhatsApp:<\/strong> 0175 \u2013 5243334<\/li>\n<li><strong>E-Mail:<\/strong> <a href=\"mailto:info@fahrschule-gruenwald.de\">info@fahrschule-gruenwald.de<\/a><\/li>\n<li><strong>Vor Ort:<\/strong> Fahrschule Gr\u00fcnwald, Bahnhofstra\u00dfe, Neuwied<\/li>\n<\/ul>\n<p dir=\"ltr\">Vormittags Theorie, nachmittags du selbst \u2013 so gehen entspannte Herbstferien mit einem echten Erfolgserlebnis am Ende. Wir freuen uns auf dich!<\/p>\n<p>[\/et_pb_text][\/et_pb_column][\/et_pb_row][et_pb_row _builder_version=&#8220;4.27.6&#8243; _module_preset=&#8220;default&#8220;][et_pb_column _builder_version=&#8220;4.27.6&#8243; _module_preset=&#8220;default&#8220; type=&#8220;4_4&#8243;][et_pb_image src=&#8220;https:\/\/fahrschule-gr\u00fcnwald.de\/wp-content\/uploads\/2026\/09\/Herbstferien-Theoriekurs-Fahrschule-Neuwied-Gruenwald.jpeg&#8220; _builder_version=&#8220;4.27.6&#8243; _module_preset=&#8220;default&#8220; alt=&#8220;Herbstferien-Theoriekurs-Fahrschule-Neuwied-Gruenwald&#8220; title_text=&#8220;Herbstferien-Theoriekurs-Fahrschule-Neuwied-Gruenwald&#8220; hover_enabled=&#8220;0&#8243; sticky_enabled=&#8220;0&#8243;][\/et_pb_image][\/et_pb_column][\/et_pb_row][\/et_pb_section]<\/p>\n","protected":false},"excerpt":{"rendered":"<p>Herbstferien in Neuwied: Vormittags Theorie, nachmittags Drachen steigen lassen Die Bl\u00e4tter f\u00e4rben sich, die Luft wird klarer, und irgendwo zwischen Kastaniensammeln und der letzten Runde Freibad \u00fcberlegst du dir gerade, was du mit deinen Herbstferien anfangen sollst. Wie w\u00e4re es mit einer Antwort, die dich richtig weiterbringt: dem F\u00fchrerschein ein gro\u00dfes St\u00fcck n\u00e4her kommen \u2013 [&hellip;]<\/p>\n","protected":false},"author":1,"featured_media":348,"comment_status":"open","ping_status":"open","sticky":false,"template":"","format":"standard","meta":{"_et_pb_use_builder":"on","_et_pb_old_content":"","_et_gb_content_width":"1080","footnotes":""},"categories":[1,6],"tags":[12,13],"class_list":["post-719","post","type-post","status-publish","format-standard","has-post-thumbnail","hentry","category-allgemein","category-termine","tag-termine","tag-theoriekurse"],"yoast_head":"<!-- This site is optimized with the Yoast SEO plugin v28.4 - https:\/\/yoast.com\/product\/yoast-seo-wordpress\/ -->\n<title>Ferienkurse in den Herbstferien | Neuwied - Fahrschule Gr\u00fcnwald - Neuwied | Irlich | Waldbreitbach | Rengsdorf<\/title>\n<meta name=\"description\" content=\"Fahrschule Gr\u00fcnwald \u2013 Du hast in der Herbstferien noch nichts vor und m\u00f6chtest bald selbst Auto fahren? Wie w\u00e4re es mit unseren Herbstkursen - nur vormittags in Neuwied.\" \/>\n<meta name=\"robots\" content=\"index, follow, max-snippet:-1, max-image-preview:large, max-video-preview:-1\" \/>\n<link rel=\"canonical\" href=\"https:\/\/fahrschule-gr\u00fcnwald.de\/index.php\/ferienkurse-in-den-herbstferien-neuwied\/\" \/>\n<meta property=\"og:locale\" content=\"de_DE\" \/>\n<meta property=\"og:type\" content=\"article\" \/>\n<meta property=\"og:title\" content=\"Ferienkurse in den Herbstferien | Neuwied - Fahrschule Gr\u00fcnwald - Neuwied | Irlich | Waldbreitbach | Rengsdorf\" \/>\n<meta property=\"og:description\" content=\"Fahrschule Gr\u00fcnwald \u2013 Du hast in der Herbstferien noch nichts vor und m\u00f6chtest bald selbst Auto fahren? Wie w\u00e4re es mit unseren Herbstkursen - nur vormittags in Neuwied.\" \/>\n<meta property=\"og:url\" content=\"https:\/\/fahrschule-gr\u00fcnwald.de\/index.php\/ferienkurse-in-den-herbstferien-neuwied\/\" \/>\n<meta property=\"og:site_name\" content=\"Fahrschule Gr\u00fcnwald\" \/>\n<meta property=\"article:publisher\" content=\"https:\/\/www.facebook.com\/FahrschuleGruenwald\" \/>\n<meta property=\"article:published_time\" content=\"2026-09-02T08:54:44+00:00\" \/>\n<meta property=\"article:modified_time\" content=\"2026-09-02T08:57:09+00:00\" \/>\n<meta property=\"og:image\" content=\"https:\/\/fahrschule-gr\u00fcnwald.de\/wp-content\/uploads\/2025\/07\/fs-gruenwald-nicole-04535-scaled.jpg\" \/>\n\t<meta property=\"og:image:width\" content=\"2880\" \/>\n\t<meta property=\"og:image:height\" content=\"1920\" \/>\n\t<meta property=\"og:image:type\" content=\"image\/jpeg\" \/>\n<meta name=\"author\" content=\"fg_admin\" \/>\n<meta name=\"twitter:card\" content=\"summary_large_image\" \/>\n<meta name=\"twitter:label1\" content=\"Verfasst von\" \/>\n\t<meta name=\"twitter:data1\" content=\"fg_admin\" \/>\n\t<meta name=\"twitter:label2\" content=\"Gesch\u00e4tzte Lesezeit\" \/>\n\t<meta name=\"twitter:data2\" content=\"3\u00a0Minuten\" \/>\n<script type=\"application\/ld+json\" class=\"yoast-schema-graph\">{\"@context\":\"https:\\\/\\\/schema.org\",\"@graph\":[{\"@type\":\"Article\",\"@id\":\"https:\\\/\\\/fahrschule-gr\u00fcnwald.de\\\/index.php\\\/ferienkurse-in-den-herbstferien-neuwied\\\/#article\",\"isPartOf\":{\"@id\":\"https:\\\/\\\/fahrschule-gr\u00fcnwald.de\\\/index.php\\\/ferienkurse-in-den-herbstferien-neuwied\\\/\"},\"author\":{\"name\":\"fg_admin\",\"@id\":\"https:\\\/\\\/fahrschule-gr\u00fcnwald.de\\\/index.php\\\/#\\\/schema\\\/person\\\/4c8657365944f39080f8955d73f86e83\"},\"headline\":\"Ferienkurse in den Herbstferien | Neuwied\",\"datePublished\":\"2026-09-02T08:54:44+00:00\",\"dateModified\":\"2026-09-02T08:57:09+00:00\",\"mainEntityOfPage\":{\"@id\":\"https:\\\/\\\/fahrschule-gr\u00fcnwald.de\\\/index.php\\\/ferienkurse-in-den-herbstferien-neuwied\\\/\"},\"wordCount\":495,\"commentCount\":0,\"image\":{\"@id\":\"https:\\\/\\\/fahrschule-gr\u00fcnwald.de\\\/index.php\\\/ferienkurse-in-den-herbstferien-neuwied\\\/#primaryimage\"},\"thumbnailUrl\":\"https:\\\/\\\/fahrschule-gr\u00fcnwald.de\\\/wp-content\\\/uploads\\\/2025\\\/07\\\/fs-gruenwald-nicole-04535-scaled.jpg\",\"keywords\":[\"Termine\",\"Theoriekurse\"],\"articleSection\":{\"1\":\"Termine\"},\"inLanguage\":\"de\",\"potentialAction\":[{\"@type\":\"CommentAction\",\"name\":\"Comment\",\"target\":[\"https:\\\/\\\/fahrschule-gr\u00fcnwald.de\\\/index.php\\\/ferienkurse-in-den-herbstferien-neuwied\\\/#respond\"]}]},{\"@type\":\"WebPage\",\"@id\":\"https:\\\/\\\/fahrschule-gr\u00fcnwald.de\\\/index.php\\\/ferienkurse-in-den-herbstferien-neuwied\\\/\",\"url\":\"https:\\\/\\\/fahrschule-gr\u00fcnwald.de\\\/index.php\\\/ferienkurse-in-den-herbstferien-neuwied\\\/\",\"name\":\"Ferienkurse in den Herbstferien | Neuwied - Fahrschule Gr\u00fcnwald - Neuwied | Irlich | Waldbreitbach | Rengsdorf\",\"isPartOf\":{\"@id\":\"https:\\\/\\\/fahrschule-gr\u00fcnwald.de\\\/index.php\\\/#website\"},\"primaryImageOfPage\":{\"@id\":\"https:\\\/\\\/fahrschule-gr\u00fcnwald.de\\\/index.php\\\/ferienkurse-in-den-herbstferien-neuwied\\\/#primaryimage\"},\"image\":{\"@id\":\"https:\\\/\\\/fahrschule-gr\u00fcnwald.de\\\/index.php\\\/ferienkurse-in-den-herbstferien-neuwied\\\/#primaryimage\"},\"thumbnailUrl\":\"https:\\\/\\\/fahrschule-gr\u00fcnwald.de\\\/wp-content\\\/uploads\\\/2025\\\/07\\\/fs-gruenwald-nicole-04535-scaled.jpg\",\"datePublished\":\"2026-09-02T08:54:44+00:00\",\"dateModified\":\"2026-09-02T08:57:09+00:00\",\"author\":{\"@id\":\"https:\\\/\\\/fahrschule-gr\u00fcnwald.de\\\/index.php\\\/#\\\/schema\\\/person\\\/4c8657365944f39080f8955d73f86e83\"},\"description\":\"Fahrschule Gr\u00fcnwald \u2013 Du hast in der Herbstferien noch nichts vor und m\u00f6chtest bald selbst Auto fahren? Wie w\u00e4re es mit unseren Herbstkursen - nur vormittags in Neuwied.\",\"breadcrumb\":{\"@id\":\"https:\\\/\\\/fahrschule-gr\u00fcnwald.de\\\/index.php\\\/ferienkurse-in-den-herbstferien-neuwied\\\/#breadcrumb\"},\"inLanguage\":\"de\",\"potentialAction\":[{\"@type\":\"ReadAction\",\"target\":[\"https:\\\/\\\/fahrschule-gr\u00fcnwald.de\\\/index.php\\\/ferienkurse-in-den-herbstferien-neuwied\\\/\"]}]},{\"@type\":\"ImageObject\",\"inLanguage\":\"de\",\"@id\":\"https:\\\/\\\/fahrschule-gr\u00fcnwald.de\\\/index.php\\\/ferienkurse-in-den-herbstferien-neuwied\\\/#primaryimage\",\"url\":\"https:\\\/\\\/fahrschule-gr\u00fcnwald.de\\\/wp-content\\\/uploads\\\/2025\\\/07\\\/fs-gruenwald-nicole-04535-scaled.jpg\",\"contentUrl\":\"https:\\\/\\\/fahrschule-gr\u00fcnwald.de\\\/wp-content\\\/uploads\\\/2025\\\/07\\\/fs-gruenwald-nicole-04535-scaled.jpg\",\"width\":2880,\"height\":1920},{\"@type\":\"BreadcrumbList\",\"@id\":\"https:\\\/\\\/fahrschule-gr\u00fcnwald.de\\\/index.php\\\/ferienkurse-in-den-herbstferien-neuwied\\\/#breadcrumb\",\"itemListElement\":[{\"@type\":\"ListItem\",\"position\":1,\"name\":\"Startseite\",\"item\":\"https:\\\/\\\/fahrschule-gr\u00fcnwald.de\\\/index.php\\\/\"},{\"@type\":\"ListItem\",\"position\":2,\"name\":\"Ferienkurse in den Herbstferien | Neuwied\"}]},{\"@type\":\"WebSite\",\"@id\":\"https:\\\/\\\/fahrschule-gr\u00fcnwald.de\\\/index.php\\\/#website\",\"url\":\"https:\\\/\\\/fahrschule-gr\u00fcnwald.de\\\/index.php\\\/\",\"name\":\"Fahrschule Gr\u00fcnwald\",\"description\":\"Fahrschule Neuwied | Rengsdorf | Irlich | Waldbreitbach\",\"potentialAction\":[{\"@type\":\"SearchAction\",\"target\":{\"@type\":\"EntryPoint\",\"urlTemplate\":\"https:\\\/\\\/fahrschule-gr\u00fcnwald.de\\\/index.php\\\/?s={search_term_string}\"},\"query-input\":{\"@type\":\"PropertyValueSpecification\",\"valueRequired\":true,\"valueName\":\"search_term_string\"}}],\"inLanguage\":\"de\"},{\"@type\":\"Person\",\"@id\":\"https:\\\/\\\/fahrschule-gr\u00fcnwald.de\\\/index.php\\\/#\\\/schema\\\/person\\\/4c8657365944f39080f8955d73f86e83\",\"name\":\"fg_admin\",\"image\":{\"@type\":\"ImageObject\",\"inLanguage\":\"de\",\"@id\":\"https:\\\/\\\/secure.gravatar.com\\\/avatar\\\/eeb0823b0c0cbabcecd0467f7fce59deb13b5613a59e75da58ba80099a655678?s=96&d=mm&r=g\",\"url\":\"https:\\\/\\\/secure.gravatar.com\\\/avatar\\\/eeb0823b0c0cbabcecd0467f7fce59deb13b5613a59e75da58ba80099a655678?s=96&d=mm&r=g\",\"contentUrl\":\"https:\\\/\\\/secure.gravatar.com\\\/avatar\\\/eeb0823b0c0cbabcecd0467f7fce59deb13b5613a59e75da58ba80099a655678?s=96&d=mm&r=g\",\"caption\":\"fg_admin\"},\"sameAs\":[\"http:\\\/\\\/s1050683159.online.de\"],\"url\":\"https:\\\/\\\/fahrschule-gr\u00fcnwald.de\\\/index.php\\\/author\\\/fg_admin\\\/\"}]}<\/script>\n<!-- \/ Yoast SEO plugin. -->","yoast_head_json":{"title":"Ferienkurse in den Herbstferien | Neuwied - Fahrschule Gr\u00fcnwald - Neuwied | Irlich | Waldbreitbach | Rengsdorf","description":"Fahrschule Gr\u00fcnwald \u2013 Du hast in der Herbstferien noch nichts vor und m\u00f6chtest bald selbst Auto fahren? Wie w\u00e4re es mit unseren Herbstkursen - nur vormittags in Neuwied.","robots":{"index":"index","follow":"follow","max-snippet":"max-snippet:-1","max-image-preview":"max-image-preview:large","max-video-preview":"max-video-preview:-1"},"canonical":"https:\/\/fahrschule-gr\u00fcnwald.de\/index.php\/ferienkurse-in-den-herbstferien-neuwied\/","og_locale":"de_DE","og_type":"article","og_title":"Ferienkurse in den Herbstferien | Neuwied - Fahrschule Gr\u00fcnwald - Neuwied | Irlich | Waldbreitbach | Rengsdorf","og_description":"Fahrschule Gr\u00fcnwald \u2013 Du hast in der Herbstferien noch nichts vor und m\u00f6chtest bald selbst Auto fahren? Wie w\u00e4re es mit unseren Herbstkursen - nur vormittags in Neuwied.","og_url":"https:\/\/fahrschule-gr\u00fcnwald.de\/index.php\/ferienkurse-in-den-herbstferien-neuwied\/","og_site_name":"Fahrschule Gr\u00fcnwald","article_publisher":"https:\/\/www.facebook.com\/FahrschuleGruenwald","article_published_time":"2026-09-02T08:54:44+00:00","article_modified_time":"2026-09-02T08:57:09+00:00","og_image":[{"width":2880,"height":1920,"url":"https:\/\/fahrschule-gr\u00fcnwald.de\/wp-content\/uploads\/2025\/07\/fs-gruenwald-nicole-04535-scaled.jpg","type":"image\/jpeg"}],"author":"fg_admin","twitter_card":"summary_large_image","twitter_misc":{"Verfasst von":"fg_admin","Gesch\u00e4tzte Lesezeit":"3\u00a0Minuten"},"schema":{"@context":"https:\/\/schema.org","@graph":[{"@type":"Article","@id":"https:\/\/fahrschule-gr\u00fcnwald.de\/index.php\/ferienkurse-in-den-herbstferien-neuwied\/#article","isPartOf":{"@id":"https:\/\/fahrschule-gr\u00fcnwald.de\/index.php\/ferienkurse-in-den-herbstferien-neuwied\/"},"author":{"name":"fg_admin","@id":"https:\/\/fahrschule-gr\u00fcnwald.de\/index.php\/#\/schema\/person\/4c8657365944f39080f8955d73f86e83"},"headline":"Ferienkurse in den Herbstferien | Neuwied","datePublished":"2026-09-02T08:54:44+00:00","dateModified":"2026-09-02T08:57:09+00:00","mainEntityOfPage":{"@id":"https:\/\/fahrschule-gr\u00fcnwald.de\/index.php\/ferienkurse-in-den-herbstferien-neuwied\/"},"wordCount":495,"commentCount":0,"image":{"@id":"https:\/\/fahrschule-gr\u00fcnwald.de\/index.php\/ferienkurse-in-den-herbstferien-neuwied\/#primaryimage"},"thumbnailUrl":"https:\/\/fahrschule-gr\u00fcnwald.de\/wp-content\/uploads\/2025\/07\/fs-gruenwald-nicole-04535-scaled.jpg","keywords":["Termine","Theoriekurse"],"articleSection":{"1":"Termine"},"inLanguage":"de","potentialAction":[{"@type":"CommentAction","name":"Comment","target":["https:\/\/fahrschule-gr\u00fcnwald.de\/index.php\/ferienkurse-in-den-herbstferien-neuwied\/#respond"]}]},{"@type":"WebPage","@id":"https:\/\/fahrschule-gr\u00fcnwald.de\/index.php\/ferienkurse-in-den-herbstferien-neuwied\/","url":"https:\/\/fahrschule-gr\u00fcnwald.de\/index.php\/ferienkurse-in-den-herbstferien-neuwied\/","name":"Ferienkurse in den Herbstferien | Neuwied - Fahrschule Gr\u00fcnwald - Neuwied | Irlich | Waldbreitbach | Rengsdorf","isPartOf":{"@id":"https:\/\/fahrschule-gr\u00fcnwald.de\/index.php\/#website"},"primaryImageOfPage":{"@id":"https:\/\/fahrschule-gr\u00fcnwald.de\/index.php\/ferienkurse-in-den-herbstferien-neuwied\/#primaryimage"},"image":{"@id":"https:\/\/fahrschule-gr\u00fcnwald.de\/index.php\/ferienkurse-in-den-herbstferien-neuwied\/#primaryimage"},"thumbnailUrl":"https:\/\/fahrschule-gr\u00fcnwald.de\/wp-content\/uploads\/2025\/07\/fs-gruenwald-nicole-04535-scaled.jpg","datePublished":"2026-09-02T08:54:44+00:00","dateModified":"2026-09-02T08:57:09+00:00","author":{"@id":"https:\/\/fahrschule-gr\u00fcnwald.de\/index.php\/#\/schema\/person\/4c8657365944f39080f8955d73f86e83"},"description":"Fahrschule Gr\u00fcnwald \u2013 Du hast in der Herbstferien noch nichts vor und m\u00f6chtest bald selbst Auto fahren? Wie w\u00e4re es mit unseren Herbstkursen - nur vormittags in Neuwied.","breadcrumb":{"@id":"https:\/\/fahrschule-gr\u00fcnwald.de\/index.php\/ferienkurse-in-den-herbstferien-neuwied\/#breadcrumb"},"inLanguage":"de","potentialAction":[{"@type":"ReadAction","target":["https:\/\/fahrschule-gr\u00fcnwald.de\/index.php\/ferienkurse-in-den-herbstferien-neuwied\/"]}]},{"@type":"ImageObject","inLanguage":"de","@id":"https:\/\/fahrschule-gr\u00fcnwald.de\/index.php\/ferienkurse-in-den-herbstferien-neuwied\/#primaryimage","url":"https:\/\/fahrschule-gr\u00fcnwald.de\/wp-content\/uploads\/2025\/07\/fs-gruenwald-nicole-04535-scaled.jpg","contentUrl":"https:\/\/fahrschule-gr\u00fcnwald.de\/wp-content\/uploads\/2025\/07\/fs-gruenwald-nicole-04535-scaled.jpg","width":2880,"height":1920},{"@type":"BreadcrumbList","@id":"https:\/\/fahrschule-gr\u00fcnwald.de\/index.php\/ferienkurse-in-den-herbstferien-neuwied\/#breadcrumb","itemListElement":[{"@type":"ListItem","position":1,"name":"Startseite","item":"https:\/\/fahrschule-gr\u00fcnwald.de\/index.php\/"},{"@type":"ListItem","position":2,"name":"Ferienkurse in den Herbstferien | Neuwied"}]},{"@type":"WebSite","@id":"https:\/\/fahrschule-gr\u00fcnwald.de\/index.php\/#website","url":"https:\/\/fahrschule-gr\u00fcnwald.de\/index.php\/","name":"Fahrschule Gr\u00fcnwald","description":"Fahrschule Neuwied | Rengsdorf | Irlich | Waldbreitbach","potentialAction":[{"@type":"SearchAction","target":{"@type":"EntryPoint","urlTemplate":"https:\/\/fahrschule-gr\u00fcnwald.de\/index.php\/?s={search_term_string}"},"query-input":{"@type":"PropertyValueSpecification","valueRequired":true,"valueName":"search_term_string"}}],"inLanguage":"de"},{"@type":"Person","@id":"https:\/\/fahrschule-gr\u00fcnwald.de\/index.php\/#\/schema\/person\/4c8657365944f39080f8955d73f86e83","name":"fg_admin","image":{"@type":"ImageObject","inLanguage":"de","@id":"https:\/\/secure.gravatar.com\/avatar\/eeb0823b0c0cbabcecd0467f7fce59deb13b5613a59e75da58ba80099a655678?s=96&d=mm&r=g","url":"https:\/\/secure.gravatar.com\/avatar\/eeb0823b0c0cbabcecd0467f7fce59deb13b5613a59e75da58ba80099a655678?s=96&d=mm&r=g","contentUrl":"https:\/\/secure.gravatar.com\/avatar\/eeb0823b0c0cbabcecd0467f7fce59deb13b5613a59e75da58ba80099a655678?s=96&d=mm&r=g","caption":"fg_admin"},"sameAs":["http:\/\/s1050683159.online.de"],"url":"https:\/\/fahrschule-gr\u00fcnwald.de\/index.php\/author\/fg_admin\/"}]}},"_links":{"self":[{"href":"https:\/\/fahrschule-gr\u00fcnwald.de\/index.php\/wp-json\/wp\/v2\/posts\/719","targetHints":{"allow":["GET"]}}],"collection":[{"href":"https:\/\/fahrschule-gr\u00fcnwald.de\/index.php\/wp-json\/wp\/v2\/posts"}],"about":[{"href":"https:\/\/fahrschule-gr\u00fcnwald.de\/index.php\/wp-json\/wp\/v2\/types\/post"}],"author":[{"embeddable":true,"href":"https:\/\/fahrschule-gr\u00fcnwald.de\/index.php\/wp-json\/wp\/v2\/users\/1"}],"replies":[{"embeddable":true,"href":"https:\/\/fahrschule-gr\u00fcnwald.de\/index.php\/wp-json\/wp\/v2\/comments?post=719"}],"version-history":[{"count":5,"href":"https:\/\/fahrschule-gr\u00fcnwald.de\/index.php\/wp-json\/wp\/v2\/posts\/719\/revisions"}],"predecessor-version":[{"id":728,"href":"https:\/\/fahrschule-gr\u00fcnwald.de\/index.php\/wp-json\/wp\/v2\/posts\/719\/revisions\/728"}],"wp:featuredmedia":[{"embeddable":true,"href":"https:\/\/fahrschule-gr\u00fcnwald.de\/index.php\/wp-json\/wp\/v2\/media\/348"}],"wp:attachment":[{"href":"https:\/\/fahrschule-gr\u00fcnwald.de\/index.php\/wp-json\/wp\/v2\/media?parent=719"}],"wp:term":[{"taxonomy":"category","embeddable":true,"href":"https:\/\/fahrschule-gr\u00fcnwald.de\/index.php\/wp-json\/wp\/v2\/categories?post=719"},{"taxonomy":"post_tag","embeddable":true,"href":"https:\/\/fahrschule-gr\u00fcnwald.de\/index.php\/wp-json\/wp\/v2\/tags?post=719"}],"curies":[{"name":"wp","href":"https:\/\/api.w.org\/{rel}","templated":true}]}}